{"id":3912,"date":"2023-01-28T12:10:13","date_gmt":"2023-01-28T11:10:13","guid":{"rendered":"https:\/\/www.renowave.at\/21-03-energiesprong-trip\/"},"modified":"2023-05-11T13:31:53","modified_gmt":"2023-05-11T11:31:53","slug":"21-03-energiesprong-trip","status":"publish","type":"post","link":"https:\/\/www.renowave.at\/en\/21-03-energiesprong-trip\/","title":{"rendered":"21.03. Energiesprong trip"},"content":{"rendered":"\t\t<div data-elementor-type=\"wp-post\" data-elementor-id=\"3912\" class=\"elementor elementor-3912 elementor-2825\" data-elementor-post-type=\"post\">\n\t\t\t\t\t\t<section class=\"elementor-section elementor-top-section elementor-element elementor-element-485c669 elementor-section-boxed elementor-section-height-default elementor-section-height-default\" data-id=\"485c669\" data-element_type=\"section\" data-e-type=\"section\" data-settings=\"{&quot;background_background&quot;:&quot;classic&quot;}\">\n\t\t\t\t\t\t<div class=\"elementor-container elementor-column-gap-default\">\n\t\t\t\t\t<div class=\"elementor-column elementor-col-100 elementor-top-column elementor-element elementor-element-12bb808\" data-id=\"12bb808\" data-element_type=\"column\" data-e-type=\"column\">\n\t\t\t<div class=\"elementor-widget-wrap elementor-element-populated\">\n\t\t\t\t\t\t<div class=\"elementor-element elementor-element-e8b9802 elementor-widget elementor-widget-heading\" data-id=\"e8b9802\" data-element_type=\"widget\" data-e-type=\"widget\" data-widget_type=\"heading.default\">\n\t\t\t\t<div class=\"elementor-widget-container\">\n\t\t\t\t\t<h2 class=\"elementor-heading-title elementor-size-default\">Energiesprong trip to Germany March 21. and 22. 2023<\/h2>\t\t\t\t<\/div>\n\t\t\t\t<\/div>\n\t\t\t\t\t<\/div>\n\t\t<\/div>\n\t\t\t\t\t<\/div>\n\t\t<\/section>\n\t\t\t\t<section class=\"elementor-section elementor-top-section elementor-element elementor-element-88cb385 elementor-section-boxed elementor-section-height-default elementor-section-height-default\" data-id=\"88cb385\" data-element_type=\"section\" data-e-type=\"section\">\n\t\t\t\t\t\t<div class=\"elementor-container elementor-column-gap-default\">\n\t\t\t\t\t<div class=\"elementor-column elementor-col-100 elementor-top-column elementor-element elementor-element-b2eb286\" data-id=\"b2eb286\" data-element_type=\"column\" data-e-type=\"column\">\n\t\t\t<div class=\"elementor-widget-wrap elementor-element-populated\">\n\t\t\t\t\t\t<div class=\"elementor-element elementor-element-8286581 elementor-widget elementor-widget-text-editor\" data-id=\"8286581\" data-element_type=\"widget\" data-e-type=\"widget\" data-widget_type=\"text-editor.default\">\n\t\t\t\t<div class=\"elementor-widget-container\">\n\t\t\t\t\t\t\t\t\t<p>On March 21. and 22. 2023, we will visit Energiesprong pioneer projects around Cologne\/ D\u00fcsseldorf, which are already completed or being implememted. We will be accompanied by German experts. With this trip, we will address mainly housing associations with suitable building stock, as well as other construction professionals.<\/p>\n<p>Under the cross-national &#8220;Energiesprong&#8221; initiative, serial refurbishment is gaining ground across Europe. Germany implemented the first projects last year &#8211; many more are planned. Information on the Energiesprong Initiative can be found <a href=\"https:\/\/www.energiesprong.de\/startseite\/\" target=\"_blank\" rel=\"noopener\">here<\/a>.<\/p>\n<p>On December 7, 2022, a renovation forum was held on this topic in Graz, where Michael K\u00f6lmel (Zeller K\u00f6lmel Architekten Cologne) and Christian Liebminger (Kulmer Bau GmbH) reported on their projects.<\/p>\n<p>You can find the presentations in our <a href=\"https:\/\/www.renowave.at\/en\/downloads\/\" target=\"_blank\" rel=\"noopener\"><span style=\"text-decoration: underline;\">download area<\/span><\/a><\/p>\n<p><b><span data-contrast=\"auto\">PROGRAM <\/span><\/b><span data-ccp-props=\"{\"201341983\":0,\"335551550\":6,\"335551620\":6,\"335559739\":160,\"335559740\":259}\"> <\/span><\/p>\n<p><strong>Tuesday, March 21. K\u00f6ln\/ M\u00f6nchengladbach <\/strong><\/p>\n<p><span data-contrast=\"auto\">Start of the Excursion in K\u00f6ln at 9.00 a.m. <\/span><span data-ccp-props=\"{\"201341983\":0,\"335551550\":6,\"335551620\":6,\"335559739\":160,\"335559740\":259}\"> <\/span><\/p>\n<ul>\n<li data-leveltext=\"\uf0b7\" data-font=\"Symbol\" data-listid=\"4\" data-list-defn-props=\"{\"335552541\":1,\"335559683\":0,\"335559684\":-2,\"335559685\":720,\"335559991\":360,\"469769226\":\"Symbol\",\"469769242\":[8226],\"469777803\":\"left\",\"469777804\":\"\uf0b7\",\"469777815\":\"hybridMultilevel\"}\" aria-setsize=\"-1\" data-aria-posinset=\"4\" data-aria-level=\"1\"><span data-contrast=\"auto\">Intro &#8220;Energiesprong in Germany&#8221; &#8211; Christian Richter, Global Energiesprong Alliance<\/span><\/li>\n<li data-leveltext=\"\uf0b7\" data-font=\"Symbol\" data-listid=\"4\" data-list-defn-props=\"{\"335552541\":1,\"335559683\":0,\"335559684\":-2,\"335559685\":720,\"335559991\":360,\"469769226\":\"Symbol\",\"469769242\":[8226],\"469777803\":\"left\",\"469777804\":\"\uf0b7\",\"469777815\":\"hybridMultilevel\"}\" aria-setsize=\"-1\" data-aria-posinset=\"5\" data-aria-level=\"1\"><span data-contrast=\"auto\">Work lecture &#8220;Planned Energiesprong projects&#8221;, Klaus Zeller, Zeller-K\u00f6lmel Architekten <\/span><span data-ccp-props=\"{\"201341983\":0,\"335551550\":6,\"335551620\":6,\"335559739\":160,\"335559740\":259}\"> <\/span><\/li>\n<li data-leveltext=\"\uf0b7\" data-font=\"Symbol\" data-listid=\"4\" data-list-defn-props=\"{\"335552541\":1,\"335559683\":0,\"335559684\":-2,\"335559685\":720,\"335559991\":360,\"469769226\":\"Symbol\",\"469769242\":[8226],\"469777803\":\"left\",\"469777804\":\"\uf0b7\",\"469777815\":\"hybridMultilevel\"}\" aria-setsize=\"-1\" data-aria-posinset=\"6\" data-aria-level=\"1\"><span data-contrast=\"auto\">Project visit Energiesprong 2426, Cologne-Zollstock<\/span><span data-contrast=\"auto\"> <\/span><span data-contrast=\"auto\">  <\/span> <br \/><span data-contrast=\"auto\"><a href=\"https:\/\/www.zeller-koelmel.eu\/projekte\/energiesprong-2426.html\" target=\"_blank\" rel=\"noopener\"><span style=\"text-decoration: underline;\">Zeller-K\u00f6lmel Architekten<\/span><\/a>, WG am Vorgebirgspark eG <\/span> <\/li>\n<li data-leveltext=\"\uf0b7\" data-font=\"Symbol\" data-listid=\"4\" data-list-defn-props=\"{\"335552541\":1,\"335559683\":0,\"335559684\":-2,\"335559685\":720,\"335559991\":360,\"469769226\":\"Symbol\",\"469769242\":[8226],\"469777803\":\"left\",\"469777804\":\"\uf0b7\",\"469777815\":\"hybridMultilevel\"}\" aria-setsize=\"-1\" data-aria-posinset=\"7\" data-aria-level=\"1\"><span data-contrast=\"auto\">Project visit Zeppelinstra\u00dfe, M\u00f6nchengladbach-L\u00fcrrip <\/span> <br \/><a href=\"https:\/\/www.renowate.earth\/unsere-projekte\/zeppelinstrasse-mg\" target=\"_blank\" rel=\"noopener\"><span style=\"text-decoration: underline;\">Renowate GmbH<\/span><\/a><\/li>\n<li><span data-contrast=\"auto\">Reallabor M\u00f6nchengladbach <\/span> <br \/><span data-contrast=\"auto\">LEG-Immobilien,<a href=\"https:\/\/www.fischbach-gruppe.de\/referenzen-der-fischbach-gruppe\/energiesprong-pilotprojekt-moenchengladbach-hardt\/\" target=\"_blank\" rel=\"noopener\"><span style=\"text-decoration: underline;\">Fischbachgruppe<\/span><\/a> <\/span> <\/li>\n<\/ul>\n<p><span data-contrast=\"auto\">Joint Dinner <\/span><span data-ccp-props=\"{\"201341983\":0,\"335551550\":6,\"335551620\":6,\"335559739\":160,\"335559740\":259}\"> <\/span><\/p>\n<p><strong>Wednesday, March 22. Bochum <\/strong><\/p>\n<ul>\n<li data-leveltext=\"\uf0b7\" data-font=\"Symbol\" data-listid=\"5\" data-list-defn-props=\"{\"335552541\":1,\"335559683\":0,\"335559684\":-2,\"335559685\":720,\"335559991\":360,\"469769226\":\"Symbol\",\"469769242\":[8226],\"469777803\":\"left\",\"469777804\":\"\uf0b7\",\"469777815\":\"hybridMultilevel\"}\" aria-setsize=\"-1\" data-aria-posinset=\"8\" data-aria-level=\"1\"><span data-contrast=\"auto\">Project visit M\u00f6rikestra\u00dfe 8-14, Bochum <\/span> <br \/><a href=\"https:\/\/www.vbw-bochum.de\/energiesprong\/moerikestrasse\" target=\"_blank\" rel=\"noopener\"><span style=\"text-decoration: underline;\">VBW Bauen und Wohnen GmbH, B&amp;O Bau NRW GmbH <\/span><\/a><span data-contrast=\"auto\"> <\/span><span data-ccp-props=\"{\"201341983\":0,\"335551550\":6,\"335551620\":6,\"335559739\":160,\"335559740\":259}\"> <\/span><\/li>\n<li data-leveltext=\"\uf0b7\" data-font=\"Symbol\" data-listid=\"5\" data-list-defn-props=\"{\"335552541\":1,\"335559683\":0,\"335559684\":-2,\"335559685\":720,\"335559991\":360,\"469769226\":\"Symbol\",\"469769242\":[8226],\"469777803\":\"left\",\"469777804\":\"\uf0b7\",\"469777815\":\"hybridMultilevel\"}\" aria-setsize=\"-1\" data-aria-posinset=\"9\" data-aria-level=\"1\"><span data-contrast=\"auto\">Project visit Wichernstra\u00dfe 14-16, Bochum<\/span><span data-contrast=\"auto\"> <\/span><span data-contrast=\"auto\"> <\/span> <br \/><a href=\"https:\/\/www.vbw-bochum.de\/energiesprong\/wichernstrasse\" target=\"_blank\" rel=\"noopener\"><span style=\"text-decoration: underline;\">VBW Bauen und Wohnen GmbH, ecoworks <\/span><\/a><span data-contrast=\"auto\"> <\/span><span data-ccp-props=\"{\"201341983\":0,\"335551550\":6,\"335551620\":6,\"335559739\":160,\"335559740\":259}\"> <\/span><\/li>\n<li data-leveltext=\"\uf0b7\" data-font=\"Symbol\" data-listid=\"5\" data-list-defn-props=\"{\"335552541\":1,\"335559683\":0,\"335559684\":-2,\"335559685\":720,\"335559991\":360,\"469769226\":\"Symbol\",\"469769242\":[8226],\"469777803\":\"left\",\"469777804\":\"\uf0b7\",\"469777815\":\"hybridMultilevel\"}\" aria-setsize=\"-1\" data-aria-posinset=\"10\" data-aria-level=\"1\"><span data-contrast=\"auto\">Input VBW and<a href=\"https:\/\/www.ecoworks.tech\/\" target=\"_blank\" rel=\"noopener\"><span style=\"text-decoration: underline;\">ecoworks<\/span><\/a> with discussion <\/span><span data-ccp-props=\"{\"201341983\":0,\"335551550\":6,\"335551620\":6,\"335559739\":160,\"335559740\":259}\"> <\/span><\/li>\n<\/ul>\n<p><span data-contrast=\"auto\">End of the Excursion: 13.00<\/span><span data-ccp-props=\"{\"201341983\":0,\"335551550\":6,\"335551620\":6,\"335559739\":160,\"335559740\":259}\"> <\/span><\/p>\n<p><strong>Contribution to expenses: 650 \u20ac (excl. VAT)<br \/><\/strong>, lbIncluded in the contribution are 2 overnight stays (20.March-22.March), bus on site, common dinner<\/p>\n<p><strong>Attention: The arrival and departure must be booked and paid individually!<\/strong><br \/>Arrival on Monday, March 20, Start of the Excursion on Tuesday, March 21 at 9.00 a.m. in K\u00f6ln <br \/>End of the Excuraion on March 22. at about 13.00 in Bochum or about 14.15 in K\u00f6ln; possibility of departure from D\u00fcsseldorf.<\/p>\n<p>The number of participants is limited. <strong>We ask for your prompt pre-registration until February 10, 2023<\/strong> at: <a href=\"mailto:office@renowave.at\">office@renowave.at<\/a><br \/>We will be happy to send you further information.<\/p>\n\t\t\t\t\t\t\t\t<\/div>\n\t\t\t\t<\/div>\n\t\t\t\t\t<\/div>\n\t\t<\/div>\n\t\t\t\t\t<\/div>\n\t\t<\/section>\n\t\t\t\t<\/div>\n\t\t","protected":false},"excerpt":{"rendered":"<p>On March 21. and 22. 2023, we will visit Energiesprong pioneer projects around Cologne\/ D\u00fcsseldorf, which are already completed or being implememted.<\/p>\n","protected":false},"author":3,"featured_media":0,"comment_status":"closed","ping_status":"closed","sticky":false,"template":"","format":"standard","meta":{"footnotes":""},"categories":[35],"tags":[],"class_list":["post-3912","post","type-post","status-publish","format-standard","hentry","category-past-events"],"_links":{"self":[{"href":"https:\/\/www.renowave.at\/en\/wp-json\/wp\/v2\/posts\/3912","targetHints":{"allow":["GET"]}}],"collection":[{"href":"https:\/\/www.renowave.at\/en\/wp-json\/wp\/v2\/posts"}],"about":[{"href":"https:\/\/www.renowave.at\/en\/wp-json\/wp\/v2\/types\/post"}],"author":[{"embeddable":true,"href":"https:\/\/www.renowave.at\/en\/wp-json\/wp\/v2\/users\/3"}],"replies":[{"embeddable":true,"href":"https:\/\/www.renowave.at\/en\/wp-json\/wp\/v2\/comments?post=3912"}],"version-history":[{"count":1,"href":"https:\/\/www.renowave.at\/en\/wp-json\/wp\/v2\/posts\/3912\/revisions"}],"predecessor-version":[{"id":3913,"href":"https:\/\/www.renowave.at\/en\/wp-json\/wp\/v2\/posts\/3912\/revisions\/3913"}],"wp:attachment":[{"href":"https:\/\/www.renowave.at\/en\/wp-json\/wp\/v2\/media?parent=3912"}],"wp:term":[{"taxonomy":"category","embeddable":true,"href":"https:\/\/www.renowave.at\/en\/wp-json\/wp\/v2\/categories?post=3912"},{"taxonomy":"post_tag","embeddable":true,"href":"https:\/\/www.renowave.at\/en\/wp-json\/wp\/v2\/tags?post=3912"}],"curies":[{"name":"wp","href":"https:\/\/api.w.org\/{rel}","templated":true}]}}